{"id":1142,"date":"2026-04-30T09:41:42","date_gmt":"2026-04-30T07:41:42","guid":{"rendered":"https:\/\/deravel.com\/?p=1142"},"modified":"2026-04-30T09:41:44","modified_gmt":"2026-04-30T07:41:44","slug":"wwf-france-donativos-do-grupo-ravel-retira-apoio-financeiro","status":"publish","type":"post","link":"http:\/\/deravel.com\/pt\/wwf-france-dons-de-ravel-group-retire-son-soutien-financier\/","title":{"rendered":"Doa\u00e7\u00f5es do WWF Fran\u00e7a : O Grupo De Ravel retira o seu apoio financeiro"},"content":{"rendered":"<p>O Grupo De Ravel, juntamente com todas as suas filiais e parceiros, decidiu p\u00f4r termo \u00e0s suas doa\u00e7\u00f5es \u00e0 WWF Fran\u00e7a. Esta decis\u00e3o surge na sequ\u00eancia de comportamentos que consideramos incompat\u00edveis com os valores que orientam a nossa pol\u00edtica de patroc\u00ednios: integridade, neutralidade e respeito pela liberdade individual.<\/p>\n\n\n\n<p>Desde h\u00e1 v\u00e1rios anos, o nosso ecossistema apoia associa\u00e7\u00f5es que trabalham em prol de causas que nos s\u00e3o caras: a prote\u00e7\u00e3o do ambiente, a educa\u00e7\u00e3o e, de uma forma mais geral, o bem comum. Este apoio baseia-se numa convic\u00e7\u00e3o simples: uma empresa respons\u00e1vel n\u00e3o se constr\u00f3i apenas com base no desempenho econ\u00f3mico, mas tamb\u00e9m com base no compromisso que decide assumir para al\u00e9m das suas pr\u00f3prias actividades.<\/p>\n\n\n\n<p>\u00c9 precisamente porque este compromisso \u00e9 s\u00e9rio que n\u00e3o o podemos manter indiscriminadamente.<\/p>\n\n\n\n<h2 class=\"wp-block-heading\">Porque \u00e9 que o WWF Fran\u00e7a est\u00e1 a perder o nosso apoio financeiro<\/h2>\n\n\n\n<p>No final de abril de 2026, uma not\u00edcia chamou a nossa aten\u00e7\u00e3o: a WWF Fran\u00e7a pediu a Maria Chiara de Bourbon des Deux-Siciles que deixasse de se apresentar como embaixadora da organiza\u00e7\u00e3o. N\u00e3o por qualquer coisa que ela tenha feito, dito ou feito, nem por qualquer infra\u00e7\u00e3o aos seus compromissos ambientais. Mas simplesmente porque a sua irm\u00e3 mais velha, Maria Carolina, foi fotografada na companhia de Jordan Bardella. Pode ler tudo sobre o assunto aqui <a href=\"https:\/\/www.wwf.fr\" target=\"_blank\" rel=\"noopener\">no s\u00edtio Web do WWF Fran\u00e7a<\/a>.<\/p>\n\n\n\n<p>Para que fique bem claro: uma mulher foi afastada de uma fun\u00e7\u00e3o volunt\u00e1ria que desempenhava h\u00e1 anos, ao servi\u00e7o de uma causa ambiental, devido \u00e0s op\u00e7\u00f5es rom\u00e2nticas de um membro da sua fam\u00edlia. Ela n\u00e3o pediu nada, n\u00e3o disse nada, n\u00e3o fez nada.<\/p>\n\n\n\n<h2 class=\"wp-block-heading\">A nossa posi\u00e7\u00e3o sobre os donativos \u00e0s associa\u00e7\u00f5es<\/h2>\n\n\n\n<p>No Grupo de Ravel, respeitamos a liberdade de cada indiv\u00edduo para assumir os seus pr\u00f3prios compromissos, opini\u00f5es e escolhas pessoais. N\u00e3o tomamos posi\u00e7\u00f5es partid\u00e1rias, nem tencionamos faz\u00ea-lo.<\/p>\n\n\n\n<p>Mas h\u00e1 alguns princ\u00edpios que n\u00e3o s\u00e3o negoci\u00e1veis.<\/p>\n\n\n\n<p>Sancionar algu\u00e9m pelas ac\u00e7\u00f5es de algu\u00e9m que lhe \u00e9 pr\u00f3ximo \u00e9 uma forma de responsabilidade colectiva que n\u00e3o tem lugar numa organiza\u00e7\u00e3o que se pretende progressista e humanista. Utilizar uma causa t\u00e3o universal como a prote\u00e7\u00e3o do ambiente como ve\u00edculo de exclus\u00e3o pol\u00edtica \u00e9, a nosso ver, uma trai\u00e7\u00e3o \u00e0 pr\u00f3pria miss\u00e3o que esta causa \u00e9 suposto servir.<\/p>\n\n\n\n<p>A prote\u00e7\u00e3o do planeta n\u00e3o tem cor pol\u00edtica. \u00c9 de todos. A partir do momento em que uma associa\u00e7\u00e3o se apodera dela para a transformar num instrumento de exclus\u00e3o ideol\u00f3gica, perde a sua legitimidade para representar esta causa - e, aos nossos olhos, para beneficiar dos nossos donativos.<\/p>\n\n\n\n<h2 class=\"wp-block-heading\">A nossa decis\u00e3o relativa aos donativos ao WWF Fran\u00e7a<\/h2>\n\n\n\n<p><strong>O Grupo De Ravel, todas as suas filiais e os seus parceiros retiram o WWF Fran\u00e7a da lista de associa\u00e7\u00f5es \u00e0s quais concedem donativos.<\/strong><\/p>\n\n\n\n<p>Esta decis\u00e3o n\u00e3o \u00e9, em princ\u00edpio, irrevers\u00edvel. Continuar\u00e1 a s\u00ea-lo at\u00e9 que a organiza\u00e7\u00e3o tenha demonstrado, atrav\u00e9s de ac\u00e7\u00f5es concretas, que \u00e9 capaz de separar o seu compromisso ambiental das suas orienta\u00e7\u00f5es pol\u00edticas e que respeita o indiv\u00edduo independentemente do seu s\u00e9quito.<\/p>\n\n\n\n<p>Continuaremos a apoiar causas ambientais atrav\u00e9s de outros parceiros, cujas ac\u00e7\u00f5es se mant\u00eam centradas na sua miss\u00e3o principal.<\/p>\n\n\n\n<p><em>O Grupo De Ravel \u00e9 uma holding independente que opera nos sectores financeiro, educativo, tecnol\u00f3gico e imobili\u00e1rio, atrav\u00e9s de um ecossistema de filiais e parceiros que partilham os mesmos valores. O nosso compromisso coletivo para com a sociedade \u00e9 orientado pelos princ\u00edpios de integridade, independ\u00eancia e respeito pela liberdade individual.<\/em><\/p>","protected":false},"excerpt":{"rendered":"<p>De Ravel Group, ainsi que l&rsquo;ensemble de ses filiales et partenaires, a d\u00e9cid\u00e9 de mettre fin \u00e0 ses dons au WWF France. Cette d\u00e9cision fait suite \u00e0 un comportement que nous jugeons incompatible avec les valeurs qui guident notre politique de m\u00e9c\u00e9nat\u00a0: l&rsquo;int\u00e9grit\u00e9, la neutralit\u00e9 et le respect de la libert\u00e9 individuelle. Depuis plusieurs ann\u00e9es, [&hellip;]<\/p>\n","protected":false},"author":1,"featured_media":1144,"comment_status":"closed","ping_status":"closed","sticky":false,"template":"","format":"standard","meta":{"_uag_custom_page_level_css":"","footnotes":""},"categories":[12],"tags":[],"class_list":["post-1142","post","type-post","status-publish","format-standard","has-post-thumbnail","hentry","category-de-ravel-group"],"yoast_head":"<!-- This site is optimized with the Yoast SEO plugin v27.5 - https:\/\/yoast.com\/product\/yoast-seo-wordpress\/ -->\n<title>WWF France dons : De Ravel Group retire son soutien financier - de Ravel Group<\/title>\n<meta name=\"description\" content=\"De Ravel Group et ses filiales arr\u00eatent leurs dons au WWF France. Une d\u00e9cision de principe face \u00e0 une d\u00e9rive politique inacceptable.\" \/>\n<meta name=\"robots\" content=\"index, follow, max-snippet:-1, max-image-preview:large, max-video-preview:-1\" \/>\n<link rel=\"canonical\" href=\"https:\/\/deravel.com\/pt\/wwf-france-donativos-do-grupo-ravel-retira-apoio-financeiro\/\" \/>\n<meta property=\"og:locale\" content=\"pt_PT\" \/>\n<meta property=\"og:type\" content=\"article\" \/>\n<meta property=\"og:title\" content=\"WWF France dons : De Ravel Group retire son soutien financier - de Ravel Group\" \/>\n<meta property=\"og:description\" content=\"De Ravel Group et ses filiales arr\u00eatent leurs dons au WWF France. Une d\u00e9cision de principe face \u00e0 une d\u00e9rive politique inacceptable.\" \/>\n<meta property=\"og:url\" content=\"https:\/\/deravel.com\/pt\/wwf-france-donativos-do-grupo-ravel-retira-apoio-financeiro\/\" \/>\n<meta property=\"og:site_name\" content=\"de Ravel Group\" \/>\n<meta property=\"article:published_time\" content=\"2026-04-30T07:41:42+00:00\" \/>\n<meta property=\"article:modified_time\" content=\"2026-04-30T07:41:44+00:00\" \/>\n<meta property=\"og:image\" content=\"https:\/\/deravel.com\/wp-content\/uploads\/2026\/04\/WWF-France-dons-De-Ravel-Group-retire-son-soutien-financier.png\" \/>\n\t<meta property=\"og:image:width\" content=\"1376\" \/>\n\t<meta property=\"og:image:height\" content=\"768\" \/>\n\t<meta property=\"og:image:type\" content=\"image\/png\" \/>\n<meta name=\"author\" content=\"AlexandredeRavel\" \/>\n<meta name=\"twitter:card\" content=\"summary_large_image\" \/>\n<meta name=\"twitter:label1\" content=\"Escrito por\" \/>\n\t<meta name=\"twitter:data1\" content=\"AlexandredeRavel\" \/>\n\t<meta name=\"twitter:label2\" content=\"Tempo estimado de leitura\" \/>\n\t<meta name=\"twitter:data2\" content=\"4 minutos\" \/>\n<script type=\"application\/ld+json\" class=\"yoast-schema-graph\">{\"@context\":\"https:\\\/\\\/schema.org\",\"@graph\":[{\"@type\":\"Article\",\"@id\":\"https:\\\/\\\/deravel.com\\\/wwf-france-dons-de-ravel-group-retire-son-soutien-financier\\\/#article\",\"isPartOf\":{\"@id\":\"https:\\\/\\\/deravel.com\\\/wwf-france-dons-de-ravel-group-retire-son-soutien-financier\\\/\"},\"author\":{\"name\":\"AlexandredeRavel\",\"@id\":\"https:\\\/\\\/deravel.com\\\/fr\\\/#\\\/schema\\\/person\\\/499b977a6ffca65f24a794390eb91a67\"},\"headline\":\"WWF France dons : De Ravel Group retire son soutien financier\",\"datePublished\":\"2026-04-30T07:41:42+00:00\",\"dateModified\":\"2026-04-30T07:41:44+00:00\",\"mainEntityOfPage\":{\"@id\":\"https:\\\/\\\/deravel.com\\\/wwf-france-dons-de-ravel-group-retire-son-soutien-financier\\\/\"},\"wordCount\":645,\"publisher\":{\"@id\":\"https:\\\/\\\/deravel.com\\\/fr\\\/#organization\"},\"image\":{\"@id\":\"https:\\\/\\\/deravel.com\\\/wwf-france-dons-de-ravel-group-retire-son-soutien-financier\\\/#primaryimage\"},\"thumbnailUrl\":\"https:\\\/\\\/deravel.com\\\/wp-content\\\/uploads\\\/2026\\\/04\\\/WWF-France-dons-De-Ravel-Group-retire-son-soutien-financier.png\",\"articleSection\":[\"de Ravel Group\"],\"inLanguage\":\"pt-PT\"},{\"@type\":\"WebPage\",\"@id\":\"https:\\\/\\\/deravel.com\\\/wwf-france-dons-de-ravel-group-retire-son-soutien-financier\\\/\",\"url\":\"https:\\\/\\\/deravel.com\\\/wwf-france-dons-de-ravel-group-retire-son-soutien-financier\\\/\",\"name\":\"WWF France dons : De Ravel Group retire son soutien financier - de Ravel Group\",\"isPartOf\":{\"@id\":\"https:\\\/\\\/deravel.com\\\/fr\\\/#website\"},\"primaryImageOfPage\":{\"@id\":\"https:\\\/\\\/deravel.com\\\/wwf-france-dons-de-ravel-group-retire-son-soutien-financier\\\/#primaryimage\"},\"image\":{\"@id\":\"https:\\\/\\\/deravel.com\\\/wwf-france-dons-de-ravel-group-retire-son-soutien-financier\\\/#primaryimage\"},\"thumbnailUrl\":\"https:\\\/\\\/deravel.com\\\/wp-content\\\/uploads\\\/2026\\\/04\\\/WWF-France-dons-De-Ravel-Group-retire-son-soutien-financier.png\",\"datePublished\":\"2026-04-30T07:41:42+00:00\",\"dateModified\":\"2026-04-30T07:41:44+00:00\",\"description\":\"De Ravel Group et ses filiales arr\u00eatent leurs dons au WWF France. Une d\u00e9cision de principe face \u00e0 une d\u00e9rive politique inacceptable.\",\"breadcrumb\":{\"@id\":\"https:\\\/\\\/deravel.com\\\/wwf-france-dons-de-ravel-group-retire-son-soutien-financier\\\/#breadcrumb\"},\"inLanguage\":\"pt-PT\",\"potentialAction\":[{\"@type\":\"ReadAction\",\"target\":[\"https:\\\/\\\/deravel.com\\\/wwf-france-dons-de-ravel-group-retire-son-soutien-financier\\\/\"]}]},{\"@type\":\"ImageObject\",\"inLanguage\":\"pt-PT\",\"@id\":\"https:\\\/\\\/deravel.com\\\/wwf-france-dons-de-ravel-group-retire-son-soutien-financier\\\/#primaryimage\",\"url\":\"https:\\\/\\\/deravel.com\\\/wp-content\\\/uploads\\\/2026\\\/04\\\/WWF-France-dons-De-Ravel-Group-retire-son-soutien-financier.png\",\"contentUrl\":\"https:\\\/\\\/deravel.com\\\/wp-content\\\/uploads\\\/2026\\\/04\\\/WWF-France-dons-De-Ravel-Group-retire-son-soutien-financier.png\",\"width\":1376,\"height\":768,\"caption\":\"WWF France dons - De Ravel Group retire son soutien financier\"},{\"@type\":\"BreadcrumbList\",\"@id\":\"https:\\\/\\\/deravel.com\\\/wwf-france-dons-de-ravel-group-retire-son-soutien-financier\\\/#breadcrumb\",\"itemListElement\":[{\"@type\":\"ListItem\",\"position\":1,\"name\":\"Accueil\",\"item\":\"https:\\\/\\\/deravel.com\\\/\"},{\"@type\":\"ListItem\",\"position\":2,\"name\":\"WWF France dons : De Ravel Group retire son soutien financier\"}]},{\"@type\":\"WebSite\",\"@id\":\"https:\\\/\\\/deravel.com\\\/fr\\\/#website\",\"url\":\"https:\\\/\\\/deravel.com\\\/fr\\\/\",\"name\":\"de Ravel Group\",\"description\":\"\",\"publisher\":{\"@id\":\"https:\\\/\\\/deravel.com\\\/fr\\\/#organization\"},\"potentialAction\":[{\"@type\":\"SearchAction\",\"target\":{\"@type\":\"EntryPoint\",\"urlTemplate\":\"https:\\\/\\\/deravel.com\\\/fr\\\/?s={search_term_string}\"},\"query-input\":{\"@type\":\"PropertyValueSpecification\",\"valueRequired\":true,\"valueName\":\"search_term_string\"}}],\"inLanguage\":\"pt-PT\"},{\"@type\":\"Organization\",\"@id\":\"https:\\\/\\\/deravel.com\\\/fr\\\/#organization\",\"name\":\"de Ravel Group\",\"url\":\"https:\\\/\\\/deravel.com\\\/fr\\\/\",\"logo\":{\"@type\":\"ImageObject\",\"inLanguage\":\"pt-PT\",\"@id\":\"https:\\\/\\\/deravel.com\\\/fr\\\/#\\\/schema\\\/logo\\\/image\\\/\",\"url\":\"https:\\\/\\\/deravel.com\\\/wp-content\\\/uploads\\\/2025\\\/01\\\/de-Ravel-Logo-scaled.png\",\"contentUrl\":\"https:\\\/\\\/deravel.com\\\/wp-content\\\/uploads\\\/2025\\\/01\\\/de-Ravel-Logo-scaled.png\",\"width\":2560,\"height\":2560,\"caption\":\"de Ravel Group\"},\"image\":{\"@id\":\"https:\\\/\\\/deravel.com\\\/fr\\\/#\\\/schema\\\/logo\\\/image\\\/\"}},{\"@type\":\"Person\",\"@id\":\"https:\\\/\\\/deravel.com\\\/fr\\\/#\\\/schema\\\/person\\\/499b977a6ffca65f24a794390eb91a67\",\"name\":\"AlexandredeRavel\",\"image\":{\"@type\":\"ImageObject\",\"inLanguage\":\"pt-PT\",\"@id\":\"https:\\\/\\\/secure.gravatar.com\\\/avatar\\\/568d972e543c1a8ce84869dde794572c0d39309f82420593082394aec872c284?s=96&d=mm&r=g\",\"url\":\"https:\\\/\\\/secure.gravatar.com\\\/avatar\\\/568d972e543c1a8ce84869dde794572c0d39309f82420593082394aec872c284?s=96&d=mm&r=g\",\"contentUrl\":\"https:\\\/\\\/secure.gravatar.com\\\/avatar\\\/568d972e543c1a8ce84869dde794572c0d39309f82420593082394aec872c284?s=96&d=mm&r=g\",\"caption\":\"AlexandredeRavel\"},\"sameAs\":[\"https:\\\/\\\/deravel.com\"],\"url\":\"http:\\\/\\\/deravel.com\\\/pt\\\/author\\\/alexandrederavel\\\/\"}]}<\/script>\n<!-- \/ Yoast SEO plugin. -->","yoast_head_json":{"title":"Doa\u00e7\u00f5es do WWF Fran\u00e7a : O Grupo De Ravel retira o seu apoio financeiro - Grupo De Ravel","description":"O Grupo De Ravel e as suas filiais suspendem os seus donativos ao WWF Fran\u00e7a. Uma decis\u00e3o de princ\u00edpio face a uma deriva pol\u00edtica inaceit\u00e1vel.","robots":{"index":"index","follow":"follow","max-snippet":"max-snippet:-1","max-image-preview":"max-image-preview:large","max-video-preview":"max-video-preview:-1"},"canonical":"https:\/\/deravel.com\/pt\/wwf-france-donativos-do-grupo-ravel-retira-apoio-financeiro\/","og_locale":"pt_PT","og_type":"article","og_title":"WWF France dons : De Ravel Group retire son soutien financier - de Ravel Group","og_description":"De Ravel Group et ses filiales arr\u00eatent leurs dons au WWF France. Une d\u00e9cision de principe face \u00e0 une d\u00e9rive politique inacceptable.","og_url":"https:\/\/deravel.com\/pt\/wwf-france-donativos-do-grupo-ravel-retira-apoio-financeiro\/","og_site_name":"de Ravel Group","article_published_time":"2026-04-30T07:41:42+00:00","article_modified_time":"2026-04-30T07:41:44+00:00","og_image":[{"width":1376,"height":768,"url":"https:\/\/deravel.com\/wp-content\/uploads\/2026\/04\/WWF-France-dons-De-Ravel-Group-retire-son-soutien-financier.png","type":"image\/png"}],"author":"AlexandredeRavel","twitter_card":"summary_large_image","twitter_misc":{"Escrito por":"AlexandredeRavel","Tempo estimado de leitura":"4 minutos"},"schema":{"@context":"https:\/\/schema.org","@graph":[{"@type":"Article","@id":"https:\/\/deravel.com\/wwf-france-dons-de-ravel-group-retire-son-soutien-financier\/#article","isPartOf":{"@id":"https:\/\/deravel.com\/wwf-france-dons-de-ravel-group-retire-son-soutien-financier\/"},"author":{"name":"AlexandredeRavel","@id":"https:\/\/deravel.com\/fr\/#\/schema\/person\/499b977a6ffca65f24a794390eb91a67"},"headline":"WWF France dons : De Ravel Group retire son soutien financier","datePublished":"2026-04-30T07:41:42+00:00","dateModified":"2026-04-30T07:41:44+00:00","mainEntityOfPage":{"@id":"https:\/\/deravel.com\/wwf-france-dons-de-ravel-group-retire-son-soutien-financier\/"},"wordCount":645,"publisher":{"@id":"https:\/\/deravel.com\/fr\/#organization"},"image":{"@id":"https:\/\/deravel.com\/wwf-france-dons-de-ravel-group-retire-son-soutien-financier\/#primaryimage"},"thumbnailUrl":"https:\/\/deravel.com\/wp-content\/uploads\/2026\/04\/WWF-France-dons-De-Ravel-Group-retire-son-soutien-financier.png","articleSection":["de Ravel Group"],"inLanguage":"pt-PT"},{"@type":"WebPage","@id":"https:\/\/deravel.com\/wwf-france-dons-de-ravel-group-retire-son-soutien-financier\/","url":"https:\/\/deravel.com\/wwf-france-dons-de-ravel-group-retire-son-soutien-financier\/","name":"Doa\u00e7\u00f5es do WWF Fran\u00e7a : O Grupo De Ravel retira o seu apoio financeiro - Grupo De Ravel","isPartOf":{"@id":"https:\/\/deravel.com\/fr\/#website"},"primaryImageOfPage":{"@id":"https:\/\/deravel.com\/wwf-france-dons-de-ravel-group-retire-son-soutien-financier\/#primaryimage"},"image":{"@id":"https:\/\/deravel.com\/wwf-france-dons-de-ravel-group-retire-son-soutien-financier\/#primaryimage"},"thumbnailUrl":"https:\/\/deravel.com\/wp-content\/uploads\/2026\/04\/WWF-France-dons-De-Ravel-Group-retire-son-soutien-financier.png","datePublished":"2026-04-30T07:41:42+00:00","dateModified":"2026-04-30T07:41:44+00:00","description":"O Grupo De Ravel e as suas filiais suspendem os seus donativos ao WWF Fran\u00e7a. Uma decis\u00e3o de princ\u00edpio face a uma deriva pol\u00edtica inaceit\u00e1vel.","breadcrumb":{"@id":"https:\/\/deravel.com\/wwf-france-dons-de-ravel-group-retire-son-soutien-financier\/#breadcrumb"},"inLanguage":"pt-PT","potentialAction":[{"@type":"ReadAction","target":["https:\/\/deravel.com\/wwf-france-dons-de-ravel-group-retire-son-soutien-financier\/"]}]},{"@type":"ImageObject","inLanguage":"pt-PT","@id":"https:\/\/deravel.com\/wwf-france-dons-de-ravel-group-retire-son-soutien-financier\/#primaryimage","url":"https:\/\/deravel.com\/wp-content\/uploads\/2026\/04\/WWF-France-dons-De-Ravel-Group-retire-son-soutien-financier.png","contentUrl":"https:\/\/deravel.com\/wp-content\/uploads\/2026\/04\/WWF-France-dons-De-Ravel-Group-retire-son-soutien-financier.png","width":1376,"height":768,"caption":"WWF France dons - De Ravel Group retire son soutien financier"},{"@type":"BreadcrumbList","@id":"https:\/\/deravel.com\/wwf-france-dons-de-ravel-group-retire-son-soutien-financier\/#breadcrumb","itemListElement":[{"@type":"ListItem","position":1,"name":"Accueil","item":"https:\/\/deravel.com\/"},{"@type":"ListItem","position":2,"name":"WWF France dons : De Ravel Group retire son soutien financier"}]},{"@type":"WebSite","@id":"https:\/\/deravel.com\/fr\/#website","url":"https:\/\/deravel.com\/fr\/","name":"de Ravel Group","description":"","publisher":{"@id":"https:\/\/deravel.com\/fr\/#organization"},"potentialAction":[{"@type":"SearchAction","target":{"@type":"EntryPoint","urlTemplate":"https:\/\/deravel.com\/fr\/?s={search_term_string}"},"query-input":{"@type":"PropertyValueSpecification","valueRequired":true,"valueName":"search_term_string"}}],"inLanguage":"pt-PT"},{"@type":"Organization","@id":"https:\/\/deravel.com\/fr\/#organization","name":"de Ravel Group","url":"https:\/\/deravel.com\/fr\/","logo":{"@type":"ImageObject","inLanguage":"pt-PT","@id":"https:\/\/deravel.com\/fr\/#\/schema\/logo\/image\/","url":"https:\/\/deravel.com\/wp-content\/uploads\/2025\/01\/de-Ravel-Logo-scaled.png","contentUrl":"https:\/\/deravel.com\/wp-content\/uploads\/2025\/01\/de-Ravel-Logo-scaled.png","width":2560,"height":2560,"caption":"de Ravel Group"},"image":{"@id":"https:\/\/deravel.com\/fr\/#\/schema\/logo\/image\/"}},{"@type":"Person","@id":"https:\/\/deravel.com\/fr\/#\/schema\/person\/499b977a6ffca65f24a794390eb91a67","name":"AlexandredeRavel","image":{"@type":"ImageObject","inLanguage":"pt-PT","@id":"https:\/\/secure.gravatar.com\/avatar\/568d972e543c1a8ce84869dde794572c0d39309f82420593082394aec872c284?s=96&d=mm&r=g","url":"https:\/\/secure.gravatar.com\/avatar\/568d972e543c1a8ce84869dde794572c0d39309f82420593082394aec872c284?s=96&d=mm&r=g","contentUrl":"https:\/\/secure.gravatar.com\/avatar\/568d972e543c1a8ce84869dde794572c0d39309f82420593082394aec872c284?s=96&d=mm&r=g","caption":"AlexandredeRavel"},"sameAs":["https:\/\/deravel.com"],"url":"http:\/\/deravel.com\/pt\/author\/alexandrederavel\/"}]}},"uagb_featured_image_src":{"full":["https:\/\/deravel.com\/wp-content\/uploads\/2026\/04\/WWF-France-dons-De-Ravel-Group-retire-son-soutien-financier.png",1376,768,false],"thumbnail":["https:\/\/deravel.com\/wp-content\/uploads\/2026\/04\/WWF-France-dons-De-Ravel-Group-retire-son-soutien-financier-150x150.png",150,150,true],"medium":["https:\/\/deravel.com\/wp-content\/uploads\/2026\/04\/WWF-France-dons-De-Ravel-Group-retire-son-soutien-financier-300x167.png",300,167,true],"medium_large":["https:\/\/deravel.com\/wp-content\/uploads\/2026\/04\/WWF-France-dons-De-Ravel-Group-retire-son-soutien-financier-768x429.png",768,429,true],"large":["https:\/\/deravel.com\/wp-content\/uploads\/2026\/04\/WWF-France-dons-De-Ravel-Group-retire-son-soutien-financier-1024x572.png",800,447,true],"1536x1536":["https:\/\/deravel.com\/wp-content\/uploads\/2026\/04\/WWF-France-dons-De-Ravel-Group-retire-son-soutien-financier.png",1376,768,false],"2048x2048":["https:\/\/deravel.com\/wp-content\/uploads\/2026\/04\/WWF-France-dons-De-Ravel-Group-retire-son-soutien-financier.png",1376,768,false],"trp-custom-language-flag":["https:\/\/deravel.com\/wp-content\/uploads\/2026\/04\/WWF-France-dons-De-Ravel-Group-retire-son-soutien-financier-18x10.png",18,10,true],"tp-image-grid":["https:\/\/deravel.com\/wp-content\/uploads\/2026\/04\/WWF-France-dons-De-Ravel-Group-retire-son-soutien-financier-700x700.png",700,700,true]},"uagb_author_info":{"display_name":"AlexandredeRavel","author_link":"http:\/\/deravel.com\/pt\/author\/alexandrederavel\/"},"uagb_comment_info":0,"uagb_excerpt":"De Ravel Group, ainsi que l&rsquo;ensemble de ses filiales et partenaires, a d\u00e9cid\u00e9 de mettre fin \u00e0 ses dons au WWF France. Cette d\u00e9cision fait suite \u00e0 un comportement que nous jugeons incompatible avec les valeurs qui guident notre politique de m\u00e9c\u00e9nat\u00a0: l&rsquo;int\u00e9grit\u00e9, la neutralit\u00e9 et le respect de la libert\u00e9 individuelle. Depuis plusieurs ann\u00e9es,&hellip;","_links":{"self":[{"href":"http:\/\/deravel.com\/pt\/wp-json\/wp\/v2\/posts\/1142","targetHints":{"allow":["GET"]}}],"collection":[{"href":"http:\/\/deravel.com\/pt\/wp-json\/wp\/v2\/posts"}],"about":[{"href":"http:\/\/deravel.com\/pt\/wp-json\/wp\/v2\/types\/post"}],"author":[{"embeddable":true,"href":"http:\/\/deravel.com\/pt\/wp-json\/wp\/v2\/users\/1"}],"replies":[{"embeddable":true,"href":"http:\/\/deravel.com\/pt\/wp-json\/wp\/v2\/comments?post=1142"}],"version-history":[{"count":1,"href":"http:\/\/deravel.com\/pt\/wp-json\/wp\/v2\/posts\/1142\/revisions"}],"predecessor-version":[{"id":1143,"href":"http:\/\/deravel.com\/pt\/wp-json\/wp\/v2\/posts\/1142\/revisions\/1143"}],"wp:featuredmedia":[{"embeddable":true,"href":"http:\/\/deravel.com\/pt\/wp-json\/wp\/v2\/media\/1144"}],"wp:attachment":[{"href":"http:\/\/deravel.com\/pt\/wp-json\/wp\/v2\/media?parent=1142"}],"wp:term":[{"taxonomy":"category","embeddable":true,"href":"http:\/\/deravel.com\/pt\/wp-json\/wp\/v2\/categories?post=1142"},{"taxonomy":"post_tag","embeddable":true,"href":"http:\/\/deravel.com\/pt\/wp-json\/wp\/v2\/tags?post=1142"}],"curies":[{"name":"wp","href":"https:\/\/api.w.org\/{rel}","templated":true}]}}