{"id":1142,"date":"2026-04-30T09:41:42","date_gmt":"2026-04-30T07:41:42","guid":{"rendered":"https:\/\/deravel.com\/?p=1142"},"modified":"2026-04-30T09:41:44","modified_gmt":"2026-04-30T07:41:44","slug":"wwf-france-spenden-von-ravel-group-zieht-finanzielle-unterstutzung-zuruck","status":"publish","type":"post","link":"https:\/\/deravel.com\/de\/wwf-france-dons-de-ravel-group-retire-son-soutien-financier\/","title":{"rendered":"WWF Frankreich Spenden : De Ravel Group zieht ihre finanzielle Unterst\u00fctzung zur\u00fcck"},"content":{"rendered":"<p>Die De Ravel Group hat zusammen mit allen ihren Tochtergesellschaften und Partnern beschlossen, ihre Spenden an den WWF Frankreich einzustellen. Diese Entscheidung folgt auf ein Verhalten, das wir als unvereinbar mit den Werten ansehen, die unsere Sponsoringpolitik leiten: Integrit\u00e4t, Neutralit\u00e4t und Respekt f\u00fcr die individuelle Freiheit.<\/p>\n\n\n\n<p>Seit mehreren Jahren unterst\u00fctzt unser \u00d6kosystem Vereine, die sich f\u00fcr Dinge einsetzen, die uns am Herzen liegen: Umweltschutz, Bildung und ganz allgemein das Gemeinwohl. Diese Unterst\u00fctzung beruht auf einer einfachen \u00dcberzeugung: Ein verantwortungsbewusstes Unternehmen zeichnet sich nicht nur durch wirtschaftliche Leistung aus, sondern auch durch das Engagement, das es \u00fcber seine eigentlichen Aktivit\u00e4ten hinaus an den Tag legt.<\/p>\n\n\n\n<p>Gerade weil diese Verpflichtung ernst gemeint ist, k\u00f6nnen wir sie nicht unkritisch aufrechterhalten.<\/p>\n\n\n\n<h2 class=\"wp-block-heading\">Warum der WWF Frankreich unsere finanzielle Unterst\u00fctzung verliert<\/h2>\n\n\n\n<p>Ende April 2026 erregte eine Meldung unsere Aufmerksamkeit: Der WWF Frankreich forderte Maria Chiara de Bourbon des Deux-Siciles auf, nicht mehr als Botschafterin der Organisation aufzutreten. Nicht aufgrund ihrer eigenen Handlungen, ihrer Stellungnahmen oder irgendeiner Nichteinhaltung ihrer Umweltverpflichtungen. Sondern einzig und allein, weil ihre \u00e4ltere Schwester Maria Carolina mit Jordan Bardella fotografiert worden war. Sie k\u00f6nnen den Fall im Detail nachlesen <a href=\"https:\/\/www.wwf.fr\" target=\"_blank\" rel=\"noopener\">auf der Website des WWF Frankreich<\/a>.<\/p>\n\n\n\n<p>Um es ganz klar zu sagen: Eine Frau wurde aufgrund der romantischen Entscheidungen eines Familienmitglieds aus einer ehrenamtlichen Rolle entfernt, die sie jahrelang im Dienste einer Umweltorganisation ausge\u00fcbt hatte. Sie hat nichts gefragt, nichts gesagt und nichts getan.<\/p>\n\n\n\n<h2 class=\"wp-block-heading\">Unsere Position zu Spenden an Vereine<\/h2>\n\n\n\n<p>Bei de Ravel Group respektieren wir die Freiheit jedes Einzelnen in seinem Engagement, seinen Meinungen und seinen pers\u00f6nlichen Entscheidungen. Wir nehmen keine parteipolitischen Positionen ein, und es ist auch nicht unsere Aufgabe, dies zu tun.<\/p>\n\n\n\n<p>Aber es gibt Prinzipien, die nicht verhandelbar sind.<\/p>\n\n\n\n<p>Jemanden f\u00fcr die Taten eines Angeh\u00f6rigen zu bestrafen, ist eine Form der kollektiven Verantwortung, die in einer Organisation, die sich als fortschrittlich und humanistisch bezeichnet, keinen Platz hat. Ein so universelles Anliegen wie den Umweltschutz als Vektor f\u00fcr politische Ausgrenzung zu nutzen, ist in unseren Augen ein Verrat an der eigentlichen Mission, der dieses Anliegen dienen soll.<\/p>\n\n\n\n<p>Der Schutz unseres Planeten kennt keine politische Farbe. Er geh\u00f6rt allen Menschen. Sobald eine Organisation ihn f\u00fcr sich beansprucht, um ihn zu einem Instrument der ideologischen Ausgrenzung zu machen, verliert sie ihre Legitimit\u00e4t, diese Sache zu vertreten - und in unseren Augen auch die Berechtigung, von unseren Spenden zu profitieren.<\/p>\n\n\n\n<h2 class=\"wp-block-heading\">Unsere Entscheidung \u00fcber Spenden an den WWF Frankreich<\/h2>\n\n\n\n<p><strong>Die De Ravel Group, alle ihre Tochtergesellschaften und Partner streichen den WWF Frankreich von der Liste der Organisationen, an die sie Spenden verteilen.<\/strong><\/p>\n\n\n\n<p>Diese Entscheidung ist nicht prinzipiell unumkehrbar. Sie bleibt es, bis die Organisation durch konkrete Handlungen zeigt, dass sie in der Lage ist, ihr Umweltengagement von ihrer politischen Ausrichtung zu trennen, und dass sie den Einzelnen unabh\u00e4ngig von seinem Umfeld respektiert.<\/p>\n\n\n\n<p>Wir werden weiterhin Umweltanliegen durch andere Partner unterst\u00fctzen, deren Arbeit sich weiterhin auf ihre eigentliche Aufgabe konzentriert.<\/p>\n\n\n\n<p><em>Die De Ravel Group ist eine unabh\u00e4ngige Holdinggesellschaft, die in den Bereichen Finanzen, Bildung, Technologie und Immobilien t\u00e4tig ist und \u00fcber ein \u00d6kosystem von Tochtergesellschaften und Partnern verf\u00fcgt, die die gleichen Werte teilen. Unser kollektiv getragenes gesellschaftliches Engagement wird von den Grunds\u00e4tzen der Integrit\u00e4t, der Unabh\u00e4ngigkeit und der Achtung der individuellen Freiheit geleitet.<\/em><\/p>","protected":false},"excerpt":{"rendered":"<p>De Ravel Group, ainsi que l&rsquo;ensemble de ses filiales et partenaires, a d\u00e9cid\u00e9 de mettre fin \u00e0 ses dons au WWF France. Cette d\u00e9cision fait suite \u00e0 un comportement que nous jugeons incompatible avec les valeurs qui guident notre politique de m\u00e9c\u00e9nat\u00a0: l&rsquo;int\u00e9grit\u00e9, la neutralit\u00e9 et le respect de la libert\u00e9 individuelle. Depuis plusieurs ann\u00e9es, [&hellip;]<\/p>\n","protected":false},"author":1,"featured_media":1144,"comment_status":"closed","ping_status":"closed","sticky":false,"template":"","format":"standard","meta":{"_uag_custom_page_level_css":"","footnotes":""},"categories":[12],"tags":[],"class_list":["post-1142","post","type-post","status-publish","format-standard","has-post-thumbnail","hentry","category-de-ravel-group"],"yoast_head":"<!-- This site is optimized with the Yoast SEO plugin v27.5 - https:\/\/yoast.com\/product\/yoast-seo-wordpress\/ -->\n<title>WWF France dons : De Ravel Group retire son soutien financier - de Ravel Group<\/title>\n<meta name=\"description\" content=\"De Ravel Group et ses filiales arr\u00eatent leurs dons au WWF France. Une d\u00e9cision de principe face \u00e0 une d\u00e9rive politique inacceptable.\" \/>\n<meta name=\"robots\" content=\"index, follow, max-snippet:-1, max-image-preview:large, max-video-preview:-1\" \/>\n<link rel=\"canonical\" href=\"https:\/\/deravel.com\/de\/wwf-france-spenden-von-ravel-group-zieht-finanzielle-unterstutzung-zuruck\/\" \/>\n<meta property=\"og:locale\" content=\"de_DE\" \/>\n<meta property=\"og:type\" content=\"article\" \/>\n<meta property=\"og:title\" content=\"WWF France dons : De Ravel Group retire son soutien financier - de Ravel Group\" \/>\n<meta property=\"og:description\" content=\"De Ravel Group et ses filiales arr\u00eatent leurs dons au WWF France. Une d\u00e9cision de principe face \u00e0 une d\u00e9rive politique inacceptable.\" \/>\n<meta property=\"og:url\" content=\"https:\/\/deravel.com\/de\/wwf-france-spenden-von-ravel-group-zieht-finanzielle-unterstutzung-zuruck\/\" \/>\n<meta property=\"og:site_name\" content=\"de Ravel Group\" \/>\n<meta property=\"article:published_time\" content=\"2026-04-30T07:41:42+00:00\" \/>\n<meta property=\"article:modified_time\" content=\"2026-04-30T07:41:44+00:00\" \/>\n<meta property=\"og:image\" content=\"https:\/\/deravel.com\/wp-content\/uploads\/2026\/04\/WWF-France-dons-De-Ravel-Group-retire-son-soutien-financier.png\" \/>\n\t<meta property=\"og:image:width\" content=\"1376\" \/>\n\t<meta property=\"og:image:height\" content=\"768\" \/>\n\t<meta property=\"og:image:type\" content=\"image\/png\" \/>\n<meta name=\"author\" content=\"AlexandredeRavel\" \/>\n<meta name=\"twitter:card\" content=\"summary_large_image\" \/>\n<meta name=\"twitter:label1\" content=\"Verfasst von\" \/>\n\t<meta name=\"twitter:data1\" content=\"AlexandredeRavel\" \/>\n\t<meta name=\"twitter:label2\" content=\"Gesch\u00e4tzte Lesezeit\" \/>\n\t<meta name=\"twitter:data2\" content=\"4\u00a0Minuten\" \/>\n<script type=\"application\/ld+json\" class=\"yoast-schema-graph\">{\"@context\":\"https:\\\/\\\/schema.org\",\"@graph\":[{\"@type\":\"Article\",\"@id\":\"https:\\\/\\\/deravel.com\\\/wwf-france-dons-de-ravel-group-retire-son-soutien-financier\\\/#article\",\"isPartOf\":{\"@id\":\"https:\\\/\\\/deravel.com\\\/wwf-france-dons-de-ravel-group-retire-son-soutien-financier\\\/\"},\"author\":{\"name\":\"AlexandredeRavel\",\"@id\":\"https:\\\/\\\/deravel.com\\\/fr\\\/#\\\/schema\\\/person\\\/499b977a6ffca65f24a794390eb91a67\"},\"headline\":\"WWF France dons : De Ravel Group retire son soutien financier\",\"datePublished\":\"2026-04-30T07:41:42+00:00\",\"dateModified\":\"2026-04-30T07:41:44+00:00\",\"mainEntityOfPage\":{\"@id\":\"https:\\\/\\\/deravel.com\\\/wwf-france-dons-de-ravel-group-retire-son-soutien-financier\\\/\"},\"wordCount\":645,\"publisher\":{\"@id\":\"https:\\\/\\\/deravel.com\\\/fr\\\/#organization\"},\"image\":{\"@id\":\"https:\\\/\\\/deravel.com\\\/wwf-france-dons-de-ravel-group-retire-son-soutien-financier\\\/#primaryimage\"},\"thumbnailUrl\":\"https:\\\/\\\/deravel.com\\\/wp-content\\\/uploads\\\/2026\\\/04\\\/WWF-France-dons-De-Ravel-Group-retire-son-soutien-financier.png\",\"articleSection\":[\"de Ravel Group\"],\"inLanguage\":\"de\"},{\"@type\":\"WebPage\",\"@id\":\"https:\\\/\\\/deravel.com\\\/wwf-france-dons-de-ravel-group-retire-son-soutien-financier\\\/\",\"url\":\"https:\\\/\\\/deravel.com\\\/wwf-france-dons-de-ravel-group-retire-son-soutien-financier\\\/\",\"name\":\"WWF France dons : De Ravel Group retire son soutien financier - de Ravel Group\",\"isPartOf\":{\"@id\":\"https:\\\/\\\/deravel.com\\\/fr\\\/#website\"},\"primaryImageOfPage\":{\"@id\":\"https:\\\/\\\/deravel.com\\\/wwf-france-dons-de-ravel-group-retire-son-soutien-financier\\\/#primaryimage\"},\"image\":{\"@id\":\"https:\\\/\\\/deravel.com\\\/wwf-france-dons-de-ravel-group-retire-son-soutien-financier\\\/#primaryimage\"},\"thumbnailUrl\":\"https:\\\/\\\/deravel.com\\\/wp-content\\\/uploads\\\/2026\\\/04\\\/WWF-France-dons-De-Ravel-Group-retire-son-soutien-financier.png\",\"datePublished\":\"2026-04-30T07:41:42+00:00\",\"dateModified\":\"2026-04-30T07:41:44+00:00\",\"description\":\"De Ravel Group et ses filiales arr\u00eatent leurs dons au WWF France. Une d\u00e9cision de principe face \u00e0 une d\u00e9rive politique inacceptable.\",\"breadcrumb\":{\"@id\":\"https:\\\/\\\/deravel.com\\\/wwf-france-dons-de-ravel-group-retire-son-soutien-financier\\\/#breadcrumb\"},\"inLanguage\":\"de\",\"potentialAction\":[{\"@type\":\"ReadAction\",\"target\":[\"https:\\\/\\\/deravel.com\\\/wwf-france-dons-de-ravel-group-retire-son-soutien-financier\\\/\"]}]},{\"@type\":\"ImageObject\",\"inLanguage\":\"de\",\"@id\":\"https:\\\/\\\/deravel.com\\\/wwf-france-dons-de-ravel-group-retire-son-soutien-financier\\\/#primaryimage\",\"url\":\"https:\\\/\\\/deravel.com\\\/wp-content\\\/uploads\\\/2026\\\/04\\\/WWF-France-dons-De-Ravel-Group-retire-son-soutien-financier.png\",\"contentUrl\":\"https:\\\/\\\/deravel.com\\\/wp-content\\\/uploads\\\/2026\\\/04\\\/WWF-France-dons-De-Ravel-Group-retire-son-soutien-financier.png\",\"width\":1376,\"height\":768,\"caption\":\"WWF France dons - De Ravel Group retire son soutien financier\"},{\"@type\":\"BreadcrumbList\",\"@id\":\"https:\\\/\\\/deravel.com\\\/wwf-france-dons-de-ravel-group-retire-son-soutien-financier\\\/#breadcrumb\",\"itemListElement\":[{\"@type\":\"ListItem\",\"position\":1,\"name\":\"Accueil\",\"item\":\"https:\\\/\\\/deravel.com\\\/\"},{\"@type\":\"ListItem\",\"position\":2,\"name\":\"WWF France dons : De Ravel Group retire son soutien financier\"}]},{\"@type\":\"WebSite\",\"@id\":\"https:\\\/\\\/deravel.com\\\/fr\\\/#website\",\"url\":\"https:\\\/\\\/deravel.com\\\/fr\\\/\",\"name\":\"de Ravel Group\",\"description\":\"\",\"publisher\":{\"@id\":\"https:\\\/\\\/deravel.com\\\/fr\\\/#organization\"},\"potentialAction\":[{\"@type\":\"SearchAction\",\"target\":{\"@type\":\"EntryPoint\",\"urlTemplate\":\"https:\\\/\\\/deravel.com\\\/fr\\\/?s={search_term_string}\"},\"query-input\":{\"@type\":\"PropertyValueSpecification\",\"valueRequired\":true,\"valueName\":\"search_term_string\"}}],\"inLanguage\":\"de\"},{\"@type\":\"Organization\",\"@id\":\"https:\\\/\\\/deravel.com\\\/fr\\\/#organization\",\"name\":\"de Ravel Group\",\"url\":\"https:\\\/\\\/deravel.com\\\/fr\\\/\",\"logo\":{\"@type\":\"ImageObject\",\"inLanguage\":\"de\",\"@id\":\"https:\\\/\\\/deravel.com\\\/fr\\\/#\\\/schema\\\/logo\\\/image\\\/\",\"url\":\"https:\\\/\\\/deravel.com\\\/wp-content\\\/uploads\\\/2025\\\/01\\\/de-Ravel-Logo-scaled.png\",\"contentUrl\":\"https:\\\/\\\/deravel.com\\\/wp-content\\\/uploads\\\/2025\\\/01\\\/de-Ravel-Logo-scaled.png\",\"width\":2560,\"height\":2560,\"caption\":\"de Ravel Group\"},\"image\":{\"@id\":\"https:\\\/\\\/deravel.com\\\/fr\\\/#\\\/schema\\\/logo\\\/image\\\/\"}},{\"@type\":\"Person\",\"@id\":\"https:\\\/\\\/deravel.com\\\/fr\\\/#\\\/schema\\\/person\\\/499b977a6ffca65f24a794390eb91a67\",\"name\":\"AlexandredeRavel\",\"image\":{\"@type\":\"ImageObject\",\"inLanguage\":\"de\",\"@id\":\"https:\\\/\\\/secure.gravatar.com\\\/avatar\\\/568d972e543c1a8ce84869dde794572c0d39309f82420593082394aec872c284?s=96&d=mm&r=g\",\"url\":\"https:\\\/\\\/secure.gravatar.com\\\/avatar\\\/568d972e543c1a8ce84869dde794572c0d39309f82420593082394aec872c284?s=96&d=mm&r=g\",\"contentUrl\":\"https:\\\/\\\/secure.gravatar.com\\\/avatar\\\/568d972e543c1a8ce84869dde794572c0d39309f82420593082394aec872c284?s=96&d=mm&r=g\",\"caption\":\"AlexandredeRavel\"},\"sameAs\":[\"https:\\\/\\\/deravel.com\"],\"url\":\"https:\\\/\\\/deravel.com\\\/de\\\/author\\\/alexandrederavel\\\/\"}]}<\/script>\n<!-- \/ Yoast SEO plugin. -->","yoast_head_json":{"title":"WWF Frankreich Spenden : De Ravel Group zieht ihre finanzielle Unterst\u00fctzung zur\u00fcck - de Ravel Group","description":"Die De Ravel Group und ihre Tochtergesellschaften stellen ihre Spenden an den WWF Frankreich ein. Eine Grundsatzentscheidung angesichts einer inakzeptablen politischen Entgleisung.","robots":{"index":"index","follow":"follow","max-snippet":"max-snippet:-1","max-image-preview":"max-image-preview:large","max-video-preview":"max-video-preview:-1"},"canonical":"https:\/\/deravel.com\/de\/wwf-france-spenden-von-ravel-group-zieht-finanzielle-unterstutzung-zuruck\/","og_locale":"de_DE","og_type":"article","og_title":"WWF France dons : De Ravel Group retire son soutien financier - de Ravel Group","og_description":"De Ravel Group et ses filiales arr\u00eatent leurs dons au WWF France. Une d\u00e9cision de principe face \u00e0 une d\u00e9rive politique inacceptable.","og_url":"https:\/\/deravel.com\/de\/wwf-france-spenden-von-ravel-group-zieht-finanzielle-unterstutzung-zuruck\/","og_site_name":"de Ravel Group","article_published_time":"2026-04-30T07:41:42+00:00","article_modified_time":"2026-04-30T07:41:44+00:00","og_image":[{"width":1376,"height":768,"url":"https:\/\/deravel.com\/wp-content\/uploads\/2026\/04\/WWF-France-dons-De-Ravel-Group-retire-son-soutien-financier.png","type":"image\/png"}],"author":"AlexandredeRavel","twitter_card":"summary_large_image","twitter_misc":{"Verfasst von":"AlexandredeRavel","Gesch\u00e4tzte Lesezeit":"4\u00a0Minuten"},"schema":{"@context":"https:\/\/schema.org","@graph":[{"@type":"Article","@id":"https:\/\/deravel.com\/wwf-france-dons-de-ravel-group-retire-son-soutien-financier\/#article","isPartOf":{"@id":"https:\/\/deravel.com\/wwf-france-dons-de-ravel-group-retire-son-soutien-financier\/"},"author":{"name":"AlexandredeRavel","@id":"https:\/\/deravel.com\/fr\/#\/schema\/person\/499b977a6ffca65f24a794390eb91a67"},"headline":"WWF France dons : De Ravel Group retire son soutien financier","datePublished":"2026-04-30T07:41:42+00:00","dateModified":"2026-04-30T07:41:44+00:00","mainEntityOfPage":{"@id":"https:\/\/deravel.com\/wwf-france-dons-de-ravel-group-retire-son-soutien-financier\/"},"wordCount":645,"publisher":{"@id":"https:\/\/deravel.com\/fr\/#organization"},"image":{"@id":"https:\/\/deravel.com\/wwf-france-dons-de-ravel-group-retire-son-soutien-financier\/#primaryimage"},"thumbnailUrl":"https:\/\/deravel.com\/wp-content\/uploads\/2026\/04\/WWF-France-dons-De-Ravel-Group-retire-son-soutien-financier.png","articleSection":["de Ravel Group"],"inLanguage":"de"},{"@type":"WebPage","@id":"https:\/\/deravel.com\/wwf-france-dons-de-ravel-group-retire-son-soutien-financier\/","url":"https:\/\/deravel.com\/wwf-france-dons-de-ravel-group-retire-son-soutien-financier\/","name":"WWF Frankreich Spenden : De Ravel Group zieht ihre finanzielle Unterst\u00fctzung zur\u00fcck - de Ravel Group","isPartOf":{"@id":"https:\/\/deravel.com\/fr\/#website"},"primaryImageOfPage":{"@id":"https:\/\/deravel.com\/wwf-france-dons-de-ravel-group-retire-son-soutien-financier\/#primaryimage"},"image":{"@id":"https:\/\/deravel.com\/wwf-france-dons-de-ravel-group-retire-son-soutien-financier\/#primaryimage"},"thumbnailUrl":"https:\/\/deravel.com\/wp-content\/uploads\/2026\/04\/WWF-France-dons-De-Ravel-Group-retire-son-soutien-financier.png","datePublished":"2026-04-30T07:41:42+00:00","dateModified":"2026-04-30T07:41:44+00:00","description":"Die De Ravel Group und ihre Tochtergesellschaften stellen ihre Spenden an den WWF Frankreich ein. Eine Grundsatzentscheidung angesichts einer inakzeptablen politischen Entgleisung.","breadcrumb":{"@id":"https:\/\/deravel.com\/wwf-france-dons-de-ravel-group-retire-son-soutien-financier\/#breadcrumb"},"inLanguage":"de","potentialAction":[{"@type":"ReadAction","target":["https:\/\/deravel.com\/wwf-france-dons-de-ravel-group-retire-son-soutien-financier\/"]}]},{"@type":"ImageObject","inLanguage":"de","@id":"https:\/\/deravel.com\/wwf-france-dons-de-ravel-group-retire-son-soutien-financier\/#primaryimage","url":"https:\/\/deravel.com\/wp-content\/uploads\/2026\/04\/WWF-France-dons-De-Ravel-Group-retire-son-soutien-financier.png","contentUrl":"https:\/\/deravel.com\/wp-content\/uploads\/2026\/04\/WWF-France-dons-De-Ravel-Group-retire-son-soutien-financier.png","width":1376,"height":768,"caption":"WWF France dons - De Ravel Group retire son soutien financier"},{"@type":"BreadcrumbList","@id":"https:\/\/deravel.com\/wwf-france-dons-de-ravel-group-retire-son-soutien-financier\/#breadcrumb","itemListElement":[{"@type":"ListItem","position":1,"name":"Accueil","item":"https:\/\/deravel.com\/"},{"@type":"ListItem","position":2,"name":"WWF France dons : De Ravel Group retire son soutien financier"}]},{"@type":"WebSite","@id":"https:\/\/deravel.com\/fr\/#website","url":"https:\/\/deravel.com\/fr\/","name":"de Ravel Group","description":"","publisher":{"@id":"https:\/\/deravel.com\/fr\/#organization"},"potentialAction":[{"@type":"SearchAction","target":{"@type":"EntryPoint","urlTemplate":"https:\/\/deravel.com\/fr\/?s={search_term_string}"},"query-input":{"@type":"PropertyValueSpecification","valueRequired":true,"valueName":"search_term_string"}}],"inLanguage":"de"},{"@type":"Organization","@id":"https:\/\/deravel.com\/fr\/#organization","name":"de Ravel Group","url":"https:\/\/deravel.com\/fr\/","logo":{"@type":"ImageObject","inLanguage":"de","@id":"https:\/\/deravel.com\/fr\/#\/schema\/logo\/image\/","url":"https:\/\/deravel.com\/wp-content\/uploads\/2025\/01\/de-Ravel-Logo-scaled.png","contentUrl":"https:\/\/deravel.com\/wp-content\/uploads\/2025\/01\/de-Ravel-Logo-scaled.png","width":2560,"height":2560,"caption":"de Ravel Group"},"image":{"@id":"https:\/\/deravel.com\/fr\/#\/schema\/logo\/image\/"}},{"@type":"Person","@id":"https:\/\/deravel.com\/fr\/#\/schema\/person\/499b977a6ffca65f24a794390eb91a67","name":"AlexandredeRavel","image":{"@type":"ImageObject","inLanguage":"de","@id":"https:\/\/secure.gravatar.com\/avatar\/568d972e543c1a8ce84869dde794572c0d39309f82420593082394aec872c284?s=96&d=mm&r=g","url":"https:\/\/secure.gravatar.com\/avatar\/568d972e543c1a8ce84869dde794572c0d39309f82420593082394aec872c284?s=96&d=mm&r=g","contentUrl":"https:\/\/secure.gravatar.com\/avatar\/568d972e543c1a8ce84869dde794572c0d39309f82420593082394aec872c284?s=96&d=mm&r=g","caption":"AlexandredeRavel"},"sameAs":["https:\/\/deravel.com"],"url":"https:\/\/deravel.com\/de\/author\/alexandrederavel\/"}]}},"uagb_featured_image_src":{"full":["https:\/\/deravel.com\/wp-content\/uploads\/2026\/04\/WWF-France-dons-De-Ravel-Group-retire-son-soutien-financier.png",1376,768,false],"thumbnail":["https:\/\/deravel.com\/wp-content\/uploads\/2026\/04\/WWF-France-dons-De-Ravel-Group-retire-son-soutien-financier-150x150.png",150,150,true],"medium":["https:\/\/deravel.com\/wp-content\/uploads\/2026\/04\/WWF-France-dons-De-Ravel-Group-retire-son-soutien-financier-300x167.png",300,167,true],"medium_large":["https:\/\/deravel.com\/wp-content\/uploads\/2026\/04\/WWF-France-dons-De-Ravel-Group-retire-son-soutien-financier-768x429.png",768,429,true],"large":["https:\/\/deravel.com\/wp-content\/uploads\/2026\/04\/WWF-France-dons-De-Ravel-Group-retire-son-soutien-financier-1024x572.png",800,447,true],"1536x1536":["https:\/\/deravel.com\/wp-content\/uploads\/2026\/04\/WWF-France-dons-De-Ravel-Group-retire-son-soutien-financier.png",1376,768,false],"2048x2048":["https:\/\/deravel.com\/wp-content\/uploads\/2026\/04\/WWF-France-dons-De-Ravel-Group-retire-son-soutien-financier.png",1376,768,false],"trp-custom-language-flag":["https:\/\/deravel.com\/wp-content\/uploads\/2026\/04\/WWF-France-dons-De-Ravel-Group-retire-son-soutien-financier-18x10.png",18,10,true],"tp-image-grid":["https:\/\/deravel.com\/wp-content\/uploads\/2026\/04\/WWF-France-dons-De-Ravel-Group-retire-son-soutien-financier-700x700.png",700,700,true]},"uagb_author_info":{"display_name":"AlexandredeRavel","author_link":"https:\/\/deravel.com\/de\/author\/alexandrederavel\/"},"uagb_comment_info":0,"uagb_excerpt":"De Ravel Group, ainsi que l&rsquo;ensemble de ses filiales et partenaires, a d\u00e9cid\u00e9 de mettre fin \u00e0 ses dons au WWF France. Cette d\u00e9cision fait suite \u00e0 un comportement que nous jugeons incompatible avec les valeurs qui guident notre politique de m\u00e9c\u00e9nat\u00a0: l&rsquo;int\u00e9grit\u00e9, la neutralit\u00e9 et le respect de la libert\u00e9 individuelle. Depuis plusieurs ann\u00e9es,&hellip;","_links":{"self":[{"href":"https:\/\/deravel.com\/de\/wp-json\/wp\/v2\/posts\/1142","targetHints":{"allow":["GET"]}}],"collection":[{"href":"https:\/\/deravel.com\/de\/wp-json\/wp\/v2\/posts"}],"about":[{"href":"https:\/\/deravel.com\/de\/wp-json\/wp\/v2\/types\/post"}],"author":[{"embeddable":true,"href":"https:\/\/deravel.com\/de\/wp-json\/wp\/v2\/users\/1"}],"replies":[{"embeddable":true,"href":"https:\/\/deravel.com\/de\/wp-json\/wp\/v2\/comments?post=1142"}],"version-history":[{"count":1,"href":"https:\/\/deravel.com\/de\/wp-json\/wp\/v2\/posts\/1142\/revisions"}],"predecessor-version":[{"id":1143,"href":"https:\/\/deravel.com\/de\/wp-json\/wp\/v2\/posts\/1142\/revisions\/1143"}],"wp:featuredmedia":[{"embeddable":true,"href":"https:\/\/deravel.com\/de\/wp-json\/wp\/v2\/media\/1144"}],"wp:attachment":[{"href":"https:\/\/deravel.com\/de\/wp-json\/wp\/v2\/media?parent=1142"}],"wp:term":[{"taxonomy":"category","embeddable":true,"href":"https:\/\/deravel.com\/de\/wp-json\/wp\/v2\/categories?post=1142"},{"taxonomy":"post_tag","embeddable":true,"href":"https:\/\/deravel.com\/de\/wp-json\/wp\/v2\/tags?post=1142"}],"curies":[{"name":"wp","href":"https:\/\/api.w.org\/{rel}","templated":true}]}}