{"id":1142,"date":"2026-04-30T09:41:42","date_gmt":"2026-04-30T07:41:42","guid":{"rendered":"https:\/\/deravel.com\/?p=1142"},"modified":"2026-04-30T09:41:44","modified_gmt":"2026-04-30T07:41:44","slug":"wwf-france-dons-de-ravel-group-retire-son-soutien-financier","status":"publish","type":"post","link":"https:\/\/deravel.com\/fr\/wwf-france-dons-de-ravel-group-retire-son-soutien-financier\/","title":{"rendered":"WWF France dons : De Ravel Group retire son soutien financier"},"content":{"rendered":"\n<p>De Ravel Group, ainsi que l&rsquo;ensemble de ses filiales et partenaires, a d\u00e9cid\u00e9 de mettre fin \u00e0 ses dons au WWF France. Cette d\u00e9cision fait suite \u00e0 un comportement que nous jugeons incompatible avec les valeurs qui guident notre politique de m\u00e9c\u00e9nat\u00a0: l&rsquo;int\u00e9grit\u00e9, la neutralit\u00e9 et le respect de la libert\u00e9 individuelle.<\/p>\n\n\n\n<p>Depuis plusieurs ann\u00e9es, notre \u00e9cosyst\u00e8me soutient des associations \u0153uvrant pour des causes qui nous tiennent \u00e0 c\u0153ur&nbsp;: la protection de l&rsquo;environnement, l&rsquo;\u00e9ducation, et plus g\u00e9n\u00e9ralement le bien commun. Ce soutien repose sur une conviction simple&nbsp;: une entreprise responsable ne se construit pas seulement dans la performance \u00e9conomique, mais aussi dans l&rsquo;engagement qu&rsquo;elle choisit de porter au-del\u00e0 de ses activit\u00e9s propres.<\/p>\n\n\n\n<p>C&rsquo;est pr\u00e9cis\u00e9ment parce que cet engagement est s\u00e9rieux que nous ne pouvons pas le maintenir sans discernement.<\/p>\n\n\n\n<h2 class=\"wp-block-heading\">Pourquoi le WWF France perd notre soutien financier<\/h2>\n\n\n\n<p>Fin avril 2026, une information a retenu notre attention&nbsp;: le WWF France a demand\u00e9 \u00e0 Maria Chiara de Bourbon des Deux-Siciles de cesser de se pr\u00e9senter comme ambassadrice de l&rsquo;organisation. Non pas en raison de ses propres actes, de ses prises de position, ou d&rsquo;un manquement quelconque \u00e0 ses engagements environnementaux. Mais uniquement parce que sa s\u0153ur a\u00een\u00e9e, Maria Carolina, a \u00e9t\u00e9 photographi\u00e9e en compagnie de Jordan Bardella. Vous pouvez retrouver le d\u00e9tail de cette affaire <a href=\"https:\/\/www.wwf.fr\" target=\"_blank\" rel=\"noopener\">sur le site du WWF France<\/a>.<\/p>\n\n\n\n<p>Pour \u00eatre parfaitement clair&nbsp;: une femme a \u00e9t\u00e9 \u00e9cart\u00e9e d&rsquo;un r\u00f4le b\u00e9n\u00e9vole qu&rsquo;elle occupait depuis des ann\u00e9es, au service d&rsquo;une cause environnementale, en raison des choix sentimentaux d&rsquo;un membre de sa famille. Elle n&rsquo;a rien demand\u00e9, rien dit, rien fait.<\/p>\n\n\n\n<h2 class=\"wp-block-heading\">Notre position sur les dons aux associations<\/h2>\n\n\n\n<p>Chez de Ravel Group, nous respectons la libert\u00e9 de chaque individu dans ses engagements, ses opinions et ses choix personnels. Nous ne prenons pas de position partisane, et nous n&rsquo;avons pas vocation \u00e0 le faire.<\/p>\n\n\n\n<p>Mais il y a des principes qui ne sont pas n\u00e9gociables.<\/p>\n\n\n\n<p>Sanctionner quelqu&rsquo;un pour les actes d&rsquo;un proche est une forme de responsabilit\u00e9 collective qui n&rsquo;a pas sa place dans une organisation qui se pr\u00e9tend progressiste et humaniste. Utiliser une cause aussi universelle que la protection de l&rsquo;environnement comme vecteur d&rsquo;exclusion politique est, \u00e0 nos yeux, une trahison de la mission m\u00eame que cette cause est cens\u00e9e servir.<\/p>\n\n\n\n<p>La protection de la plan\u00e8te n&rsquo;a pas de couleur politique. Elle appartient \u00e0 tous. D\u00e8s lors qu&rsquo;une association s&rsquo;en empare pour en faire un instrument d&rsquo;exclusion id\u00e9ologique, elle perd sa l\u00e9gitimit\u00e9 \u00e0 repr\u00e9senter cette cause \u2014 et, \u00e0 nos yeux, \u00e0 b\u00e9n\u00e9ficier de nos dons.<\/p>\n\n\n\n<h2 class=\"wp-block-heading\">Notre d\u00e9cision concernant les dons au WWF France<\/h2>\n\n\n\n<p><strong>De Ravel Group, l&rsquo;ensemble de ses filiales et ses partenaires retirent le WWF France de la liste des associations auxquelles ils distribuent des dons.<\/strong><\/p>\n\n\n\n<p>Cette d\u00e9cision n&rsquo;est pas irr\u00e9versible par principe. Elle le restera tant que l&rsquo;organisation n&rsquo;aura pas d\u00e9montr\u00e9, par des actes concrets, qu&rsquo;elle est capable de s\u00e9parer son engagement environnemental de ses orientations politiques, et qu&rsquo;elle respecte l&rsquo;individu ind\u00e9pendamment de son entourage.<\/p>\n\n\n\n<p>Nous continuerons \u00e0 soutenir des causes environnementales \u00e0 travers d&rsquo;autres partenaires, dont l&rsquo;action reste concentr\u00e9e sur leur mission premi\u00e8re.<\/p>\n\n\n\n<p><em>De Ravel Group est une holding ind\u00e9pendante op\u00e9rant dans les secteurs de la finance, de l&rsquo;\u00e9ducation, de la technologie et de l&rsquo;immobilier, \u00e0 travers un \u00e9cosyst\u00e8me de filiales et de partenaires partageant les m\u00eames valeurs. Notre engagement soci\u00e9tal, port\u00e9 collectivement, est guid\u00e9 par des principes d&rsquo;int\u00e9grit\u00e9, d&rsquo;ind\u00e9pendance et de respect de la libert\u00e9 individuelle.<\/em><\/p>\n","protected":false},"excerpt":{"rendered":"<p>De Ravel Group, ainsi que l&rsquo;ensemble de ses filiales et partenaires, a d\u00e9cid\u00e9 de mettre fin \u00e0 ses dons au WWF France. Cette d\u00e9cision fait suite \u00e0 un comportement que nous jugeons incompatible avec les valeurs qui guident notre politique de m\u00e9c\u00e9nat\u00a0: l&rsquo;int\u00e9grit\u00e9, la neutralit\u00e9 et le respect de la libert\u00e9 individuelle. Depuis plusieurs ann\u00e9es, [&hellip;]<\/p>\n","protected":false},"author":1,"featured_media":1144,"comment_status":"closed","ping_status":"closed","sticky":false,"template":"","format":"standard","meta":{"_uag_custom_page_level_css":"","footnotes":""},"categories":[12],"tags":[],"class_list":["post-1142","post","type-post","status-publish","format-standard","has-post-thumbnail","hentry","category-de-ravel-group"],"yoast_head":"<!-- This site is optimized with the Yoast SEO plugin v27.5 - https:\/\/yoast.com\/product\/yoast-seo-wordpress\/ -->\n<title>WWF France dons : De Ravel Group retire son soutien financier - de Ravel Group<\/title>\n<meta name=\"description\" content=\"De Ravel Group et ses filiales arr\u00eatent leurs dons au WWF France. Une d\u00e9cision de principe face \u00e0 une d\u00e9rive politique inacceptable.\" \/>\n<meta name=\"robots\" content=\"index, follow, max-snippet:-1, max-image-preview:large, max-video-preview:-1\" \/>\n<link rel=\"canonical\" href=\"https:\/\/deravel.com\/fr\/wwf-france-dons-de-ravel-group-retire-son-soutien-financier\/\" \/>\n<meta property=\"og:locale\" content=\"fr_FR\" \/>\n<meta property=\"og:type\" content=\"article\" \/>\n<meta property=\"og:title\" content=\"WWF France dons : De Ravel Group retire son soutien financier - de Ravel Group\" \/>\n<meta property=\"og:description\" content=\"De Ravel Group et ses filiales arr\u00eatent leurs dons au WWF France. Une d\u00e9cision de principe face \u00e0 une d\u00e9rive politique inacceptable.\" \/>\n<meta property=\"og:url\" content=\"https:\/\/deravel.com\/fr\/wwf-france-dons-de-ravel-group-retire-son-soutien-financier\/\" \/>\n<meta property=\"og:site_name\" content=\"de Ravel Group\" \/>\n<meta property=\"article:published_time\" content=\"2026-04-30T07:41:42+00:00\" \/>\n<meta property=\"article:modified_time\" content=\"2026-04-30T07:41:44+00:00\" \/>\n<meta property=\"og:image\" content=\"https:\/\/deravel.com\/wp-content\/uploads\/2026\/04\/WWF-France-dons-De-Ravel-Group-retire-son-soutien-financier.png\" \/>\n\t<meta property=\"og:image:width\" content=\"1376\" \/>\n\t<meta property=\"og:image:height\" content=\"768\" \/>\n\t<meta property=\"og:image:type\" content=\"image\/png\" \/>\n<meta name=\"author\" content=\"AlexandredeRavel\" \/>\n<meta name=\"twitter:card\" content=\"summary_large_image\" \/>\n<meta name=\"twitter:label1\" content=\"\u00c9crit par\" \/>\n\t<meta name=\"twitter:data1\" content=\"AlexandredeRavel\" \/>\n\t<meta name=\"twitter:label2\" content=\"Dur\u00e9e de lecture estim\u00e9e\" \/>\n\t<meta name=\"twitter:data2\" content=\"4 minutes\" \/>\n<script type=\"application\/ld+json\" class=\"yoast-schema-graph\">{\"@context\":\"https:\\\/\\\/schema.org\",\"@graph\":[{\"@type\":\"Article\",\"@id\":\"https:\\\/\\\/deravel.com\\\/wwf-france-dons-de-ravel-group-retire-son-soutien-financier\\\/#article\",\"isPartOf\":{\"@id\":\"https:\\\/\\\/deravel.com\\\/wwf-france-dons-de-ravel-group-retire-son-soutien-financier\\\/\"},\"author\":{\"name\":\"AlexandredeRavel\",\"@id\":\"https:\\\/\\\/deravel.com\\\/fr\\\/#\\\/schema\\\/person\\\/499b977a6ffca65f24a794390eb91a67\"},\"headline\":\"WWF France dons : De Ravel Group retire son soutien financier\",\"datePublished\":\"2026-04-30T07:41:42+00:00\",\"dateModified\":\"2026-04-30T07:41:44+00:00\",\"mainEntityOfPage\":{\"@id\":\"https:\\\/\\\/deravel.com\\\/wwf-france-dons-de-ravel-group-retire-son-soutien-financier\\\/\"},\"wordCount\":645,\"publisher\":{\"@id\":\"https:\\\/\\\/deravel.com\\\/fr\\\/#organization\"},\"image\":{\"@id\":\"https:\\\/\\\/deravel.com\\\/wwf-france-dons-de-ravel-group-retire-son-soutien-financier\\\/#primaryimage\"},\"thumbnailUrl\":\"https:\\\/\\\/deravel.com\\\/wp-content\\\/uploads\\\/2026\\\/04\\\/WWF-France-dons-De-Ravel-Group-retire-son-soutien-financier.png\",\"articleSection\":[\"de Ravel Group\"],\"inLanguage\":\"fr-FR\"},{\"@type\":\"WebPage\",\"@id\":\"https:\\\/\\\/deravel.com\\\/wwf-france-dons-de-ravel-group-retire-son-soutien-financier\\\/\",\"url\":\"https:\\\/\\\/deravel.com\\\/wwf-france-dons-de-ravel-group-retire-son-soutien-financier\\\/\",\"name\":\"WWF France dons : De Ravel Group retire son soutien financier - de Ravel Group\",\"isPartOf\":{\"@id\":\"https:\\\/\\\/deravel.com\\\/fr\\\/#website\"},\"primaryImageOfPage\":{\"@id\":\"https:\\\/\\\/deravel.com\\\/wwf-france-dons-de-ravel-group-retire-son-soutien-financier\\\/#primaryimage\"},\"image\":{\"@id\":\"https:\\\/\\\/deravel.com\\\/wwf-france-dons-de-ravel-group-retire-son-soutien-financier\\\/#primaryimage\"},\"thumbnailUrl\":\"https:\\\/\\\/deravel.com\\\/wp-content\\\/uploads\\\/2026\\\/04\\\/WWF-France-dons-De-Ravel-Group-retire-son-soutien-financier.png\",\"datePublished\":\"2026-04-30T07:41:42+00:00\",\"dateModified\":\"2026-04-30T07:41:44+00:00\",\"description\":\"De Ravel Group et ses filiales arr\u00eatent leurs dons au WWF France. Une d\u00e9cision de principe face \u00e0 une d\u00e9rive politique inacceptable.\",\"breadcrumb\":{\"@id\":\"https:\\\/\\\/deravel.com\\\/wwf-france-dons-de-ravel-group-retire-son-soutien-financier\\\/#breadcrumb\"},\"inLanguage\":\"fr-FR\",\"potentialAction\":[{\"@type\":\"ReadAction\",\"target\":[\"https:\\\/\\\/deravel.com\\\/wwf-france-dons-de-ravel-group-retire-son-soutien-financier\\\/\"]}]},{\"@type\":\"ImageObject\",\"inLanguage\":\"fr-FR\",\"@id\":\"https:\\\/\\\/deravel.com\\\/wwf-france-dons-de-ravel-group-retire-son-soutien-financier\\\/#primaryimage\",\"url\":\"https:\\\/\\\/deravel.com\\\/wp-content\\\/uploads\\\/2026\\\/04\\\/WWF-France-dons-De-Ravel-Group-retire-son-soutien-financier.png\",\"contentUrl\":\"https:\\\/\\\/deravel.com\\\/wp-content\\\/uploads\\\/2026\\\/04\\\/WWF-France-dons-De-Ravel-Group-retire-son-soutien-financier.png\",\"width\":1376,\"height\":768,\"caption\":\"WWF France dons - De Ravel Group retire son soutien financier\"},{\"@type\":\"BreadcrumbList\",\"@id\":\"https:\\\/\\\/deravel.com\\\/wwf-france-dons-de-ravel-group-retire-son-soutien-financier\\\/#breadcrumb\",\"itemListElement\":[{\"@type\":\"ListItem\",\"position\":1,\"name\":\"Accueil\",\"item\":\"https:\\\/\\\/deravel.com\\\/\"},{\"@type\":\"ListItem\",\"position\":2,\"name\":\"WWF France dons : De Ravel Group retire son soutien financier\"}]},{\"@type\":\"WebSite\",\"@id\":\"https:\\\/\\\/deravel.com\\\/fr\\\/#website\",\"url\":\"https:\\\/\\\/deravel.com\\\/fr\\\/\",\"name\":\"de Ravel Group\",\"description\":\"\",\"publisher\":{\"@id\":\"https:\\\/\\\/deravel.com\\\/fr\\\/#organization\"},\"potentialAction\":[{\"@type\":\"SearchAction\",\"target\":{\"@type\":\"EntryPoint\",\"urlTemplate\":\"https:\\\/\\\/deravel.com\\\/fr\\\/?s={search_term_string}\"},\"query-input\":{\"@type\":\"PropertyValueSpecification\",\"valueRequired\":true,\"valueName\":\"search_term_string\"}}],\"inLanguage\":\"fr-FR\"},{\"@type\":\"Organization\",\"@id\":\"https:\\\/\\\/deravel.com\\\/fr\\\/#organization\",\"name\":\"de Ravel Group\",\"url\":\"https:\\\/\\\/deravel.com\\\/fr\\\/\",\"logo\":{\"@type\":\"ImageObject\",\"inLanguage\":\"fr-FR\",\"@id\":\"https:\\\/\\\/deravel.com\\\/fr\\\/#\\\/schema\\\/logo\\\/image\\\/\",\"url\":\"https:\\\/\\\/deravel.com\\\/wp-content\\\/uploads\\\/2025\\\/01\\\/de-Ravel-Logo-scaled.png\",\"contentUrl\":\"https:\\\/\\\/deravel.com\\\/wp-content\\\/uploads\\\/2025\\\/01\\\/de-Ravel-Logo-scaled.png\",\"width\":2560,\"height\":2560,\"caption\":\"de Ravel Group\"},\"image\":{\"@id\":\"https:\\\/\\\/deravel.com\\\/fr\\\/#\\\/schema\\\/logo\\\/image\\\/\"}},{\"@type\":\"Person\",\"@id\":\"https:\\\/\\\/deravel.com\\\/fr\\\/#\\\/schema\\\/person\\\/499b977a6ffca65f24a794390eb91a67\",\"name\":\"AlexandredeRavel\",\"image\":{\"@type\":\"ImageObject\",\"inLanguage\":\"fr-FR\",\"@id\":\"https:\\\/\\\/secure.gravatar.com\\\/avatar\\\/568d972e543c1a8ce84869dde794572c0d39309f82420593082394aec872c284?s=96&d=mm&r=g\",\"url\":\"https:\\\/\\\/secure.gravatar.com\\\/avatar\\\/568d972e543c1a8ce84869dde794572c0d39309f82420593082394aec872c284?s=96&d=mm&r=g\",\"contentUrl\":\"https:\\\/\\\/secure.gravatar.com\\\/avatar\\\/568d972e543c1a8ce84869dde794572c0d39309f82420593082394aec872c284?s=96&d=mm&r=g\",\"caption\":\"AlexandredeRavel\"},\"sameAs\":[\"https:\\\/\\\/deravel.com\"],\"url\":\"https:\\\/\\\/deravel.com\\\/fr\\\/author\\\/alexandrederavel\\\/\"}]}<\/script>\n<!-- \/ Yoast SEO plugin. -->","yoast_head_json":{"title":"WWF France dons : De Ravel Group retire son soutien financier - de Ravel Group","description":"De Ravel Group et ses filiales arr\u00eatent leurs dons au WWF France. Une d\u00e9cision de principe face \u00e0 une d\u00e9rive politique inacceptable.","robots":{"index":"index","follow":"follow","max-snippet":"max-snippet:-1","max-image-preview":"max-image-preview:large","max-video-preview":"max-video-preview:-1"},"canonical":"https:\/\/deravel.com\/fr\/wwf-france-dons-de-ravel-group-retire-son-soutien-financier\/","og_locale":"fr_FR","og_type":"article","og_title":"WWF France dons : De Ravel Group retire son soutien financier - de Ravel Group","og_description":"De Ravel Group et ses filiales arr\u00eatent leurs dons au WWF France. Une d\u00e9cision de principe face \u00e0 une d\u00e9rive politique inacceptable.","og_url":"https:\/\/deravel.com\/fr\/wwf-france-dons-de-ravel-group-retire-son-soutien-financier\/","og_site_name":"de Ravel Group","article_published_time":"2026-04-30T07:41:42+00:00","article_modified_time":"2026-04-30T07:41:44+00:00","og_image":[{"width":1376,"height":768,"url":"https:\/\/deravel.com\/wp-content\/uploads\/2026\/04\/WWF-France-dons-De-Ravel-Group-retire-son-soutien-financier.png","type":"image\/png"}],"author":"AlexandredeRavel","twitter_card":"summary_large_image","twitter_misc":{"\u00c9crit par":"AlexandredeRavel","Dur\u00e9e de lecture estim\u00e9e":"4 minutes"},"schema":{"@context":"https:\/\/schema.org","@graph":[{"@type":"Article","@id":"https:\/\/deravel.com\/wwf-france-dons-de-ravel-group-retire-son-soutien-financier\/#article","isPartOf":{"@id":"https:\/\/deravel.com\/wwf-france-dons-de-ravel-group-retire-son-soutien-financier\/"},"author":{"name":"AlexandredeRavel","@id":"https:\/\/deravel.com\/fr\/#\/schema\/person\/499b977a6ffca65f24a794390eb91a67"},"headline":"WWF France dons : De Ravel Group retire son soutien financier","datePublished":"2026-04-30T07:41:42+00:00","dateModified":"2026-04-30T07:41:44+00:00","mainEntityOfPage":{"@id":"https:\/\/deravel.com\/wwf-france-dons-de-ravel-group-retire-son-soutien-financier\/"},"wordCount":645,"publisher":{"@id":"https:\/\/deravel.com\/fr\/#organization"},"image":{"@id":"https:\/\/deravel.com\/wwf-france-dons-de-ravel-group-retire-son-soutien-financier\/#primaryimage"},"thumbnailUrl":"https:\/\/deravel.com\/wp-content\/uploads\/2026\/04\/WWF-France-dons-De-Ravel-Group-retire-son-soutien-financier.png","articleSection":["de Ravel Group"],"inLanguage":"fr-FR"},{"@type":"WebPage","@id":"https:\/\/deravel.com\/wwf-france-dons-de-ravel-group-retire-son-soutien-financier\/","url":"https:\/\/deravel.com\/wwf-france-dons-de-ravel-group-retire-son-soutien-financier\/","name":"WWF France dons : De Ravel Group retire son soutien financier - de Ravel Group","isPartOf":{"@id":"https:\/\/deravel.com\/fr\/#website"},"primaryImageOfPage":{"@id":"https:\/\/deravel.com\/wwf-france-dons-de-ravel-group-retire-son-soutien-financier\/#primaryimage"},"image":{"@id":"https:\/\/deravel.com\/wwf-france-dons-de-ravel-group-retire-son-soutien-financier\/#primaryimage"},"thumbnailUrl":"https:\/\/deravel.com\/wp-content\/uploads\/2026\/04\/WWF-France-dons-De-Ravel-Group-retire-son-soutien-financier.png","datePublished":"2026-04-30T07:41:42+00:00","dateModified":"2026-04-30T07:41:44+00:00","description":"De Ravel Group et ses filiales arr\u00eatent leurs dons au WWF France. Une d\u00e9cision de principe face \u00e0 une d\u00e9rive politique inacceptable.","breadcrumb":{"@id":"https:\/\/deravel.com\/wwf-france-dons-de-ravel-group-retire-son-soutien-financier\/#breadcrumb"},"inLanguage":"fr-FR","potentialAction":[{"@type":"ReadAction","target":["https:\/\/deravel.com\/wwf-france-dons-de-ravel-group-retire-son-soutien-financier\/"]}]},{"@type":"ImageObject","inLanguage":"fr-FR","@id":"https:\/\/deravel.com\/wwf-france-dons-de-ravel-group-retire-son-soutien-financier\/#primaryimage","url":"https:\/\/deravel.com\/wp-content\/uploads\/2026\/04\/WWF-France-dons-De-Ravel-Group-retire-son-soutien-financier.png","contentUrl":"https:\/\/deravel.com\/wp-content\/uploads\/2026\/04\/WWF-France-dons-De-Ravel-Group-retire-son-soutien-financier.png","width":1376,"height":768,"caption":"WWF France dons - De Ravel Group retire son soutien financier"},{"@type":"BreadcrumbList","@id":"https:\/\/deravel.com\/wwf-france-dons-de-ravel-group-retire-son-soutien-financier\/#breadcrumb","itemListElement":[{"@type":"ListItem","position":1,"name":"Accueil","item":"https:\/\/deravel.com\/"},{"@type":"ListItem","position":2,"name":"WWF France dons : De Ravel Group retire son soutien financier"}]},{"@type":"WebSite","@id":"https:\/\/deravel.com\/fr\/#website","url":"https:\/\/deravel.com\/fr\/","name":"de Ravel Group","description":"","publisher":{"@id":"https:\/\/deravel.com\/fr\/#organization"},"potentialAction":[{"@type":"SearchAction","target":{"@type":"EntryPoint","urlTemplate":"https:\/\/deravel.com\/fr\/?s={search_term_string}"},"query-input":{"@type":"PropertyValueSpecification","valueRequired":true,"valueName":"search_term_string"}}],"inLanguage":"fr-FR"},{"@type":"Organization","@id":"https:\/\/deravel.com\/fr\/#organization","name":"de Ravel Group","url":"https:\/\/deravel.com\/fr\/","logo":{"@type":"ImageObject","inLanguage":"fr-FR","@id":"https:\/\/deravel.com\/fr\/#\/schema\/logo\/image\/","url":"https:\/\/deravel.com\/wp-content\/uploads\/2025\/01\/de-Ravel-Logo-scaled.png","contentUrl":"https:\/\/deravel.com\/wp-content\/uploads\/2025\/01\/de-Ravel-Logo-scaled.png","width":2560,"height":2560,"caption":"de Ravel Group"},"image":{"@id":"https:\/\/deravel.com\/fr\/#\/schema\/logo\/image\/"}},{"@type":"Person","@id":"https:\/\/deravel.com\/fr\/#\/schema\/person\/499b977a6ffca65f24a794390eb91a67","name":"AlexandredeRavel","image":{"@type":"ImageObject","inLanguage":"fr-FR","@id":"https:\/\/secure.gravatar.com\/avatar\/568d972e543c1a8ce84869dde794572c0d39309f82420593082394aec872c284?s=96&d=mm&r=g","url":"https:\/\/secure.gravatar.com\/avatar\/568d972e543c1a8ce84869dde794572c0d39309f82420593082394aec872c284?s=96&d=mm&r=g","contentUrl":"https:\/\/secure.gravatar.com\/avatar\/568d972e543c1a8ce84869dde794572c0d39309f82420593082394aec872c284?s=96&d=mm&r=g","caption":"AlexandredeRavel"},"sameAs":["https:\/\/deravel.com"],"url":"https:\/\/deravel.com\/fr\/author\/alexandrederavel\/"}]}},"uagb_featured_image_src":{"full":["https:\/\/deravel.com\/wp-content\/uploads\/2026\/04\/WWF-France-dons-De-Ravel-Group-retire-son-soutien-financier.png",1376,768,false],"thumbnail":["https:\/\/deravel.com\/wp-content\/uploads\/2026\/04\/WWF-France-dons-De-Ravel-Group-retire-son-soutien-financier-150x150.png",150,150,true],"medium":["https:\/\/deravel.com\/wp-content\/uploads\/2026\/04\/WWF-France-dons-De-Ravel-Group-retire-son-soutien-financier-300x167.png",300,167,true],"medium_large":["https:\/\/deravel.com\/wp-content\/uploads\/2026\/04\/WWF-France-dons-De-Ravel-Group-retire-son-soutien-financier-768x429.png",768,429,true],"large":["https:\/\/deravel.com\/wp-content\/uploads\/2026\/04\/WWF-France-dons-De-Ravel-Group-retire-son-soutien-financier-1024x572.png",800,447,true],"1536x1536":["https:\/\/deravel.com\/wp-content\/uploads\/2026\/04\/WWF-France-dons-De-Ravel-Group-retire-son-soutien-financier.png",1376,768,false],"2048x2048":["https:\/\/deravel.com\/wp-content\/uploads\/2026\/04\/WWF-France-dons-De-Ravel-Group-retire-son-soutien-financier.png",1376,768,false],"trp-custom-language-flag":["https:\/\/deravel.com\/wp-content\/uploads\/2026\/04\/WWF-France-dons-De-Ravel-Group-retire-son-soutien-financier-18x10.png",18,10,true],"tp-image-grid":["https:\/\/deravel.com\/wp-content\/uploads\/2026\/04\/WWF-France-dons-De-Ravel-Group-retire-son-soutien-financier-700x700.png",700,700,true]},"uagb_author_info":{"display_name":"AlexandredeRavel","author_link":"https:\/\/deravel.com\/fr\/author\/alexandrederavel\/"},"uagb_comment_info":0,"uagb_excerpt":"De Ravel Group, ainsi que l&rsquo;ensemble de ses filiales et partenaires, a d\u00e9cid\u00e9 de mettre fin \u00e0 ses dons au WWF France. Cette d\u00e9cision fait suite \u00e0 un comportement que nous jugeons incompatible avec les valeurs qui guident notre politique de m\u00e9c\u00e9nat\u00a0: l&rsquo;int\u00e9grit\u00e9, la neutralit\u00e9 et le respect de la libert\u00e9 individuelle. Depuis plusieurs ann\u00e9es,\u2026","_links":{"self":[{"href":"https:\/\/deravel.com\/fr\/wp-json\/wp\/v2\/posts\/1142","targetHints":{"allow":["GET"]}}],"collection":[{"href":"https:\/\/deravel.com\/fr\/wp-json\/wp\/v2\/posts"}],"about":[{"href":"https:\/\/deravel.com\/fr\/wp-json\/wp\/v2\/types\/post"}],"author":[{"embeddable":true,"href":"https:\/\/deravel.com\/fr\/wp-json\/wp\/v2\/users\/1"}],"replies":[{"embeddable":true,"href":"https:\/\/deravel.com\/fr\/wp-json\/wp\/v2\/comments?post=1142"}],"version-history":[{"count":1,"href":"https:\/\/deravel.com\/fr\/wp-json\/wp\/v2\/posts\/1142\/revisions"}],"predecessor-version":[{"id":1143,"href":"https:\/\/deravel.com\/fr\/wp-json\/wp\/v2\/posts\/1142\/revisions\/1143"}],"wp:featuredmedia":[{"embeddable":true,"href":"https:\/\/deravel.com\/fr\/wp-json\/wp\/v2\/media\/1144"}],"wp:attachment":[{"href":"https:\/\/deravel.com\/fr\/wp-json\/wp\/v2\/media?parent=1142"}],"wp:term":[{"taxonomy":"category","embeddable":true,"href":"https:\/\/deravel.com\/fr\/wp-json\/wp\/v2\/categories?post=1142"},{"taxonomy":"post_tag","embeddable":true,"href":"https:\/\/deravel.com\/fr\/wp-json\/wp\/v2\/tags?post=1142"}],"curies":[{"name":"wp","href":"https:\/\/api.w.org\/{rel}","templated":true}]}}